{"id":237579,"date":"2016-09-07T16:02:09","date_gmt":"2016-09-07T16:02:09","guid":{"rendered":"https:\/\/aeal.eu\/8o-palma-de-mallorca-2016\/"},"modified":"2021-12-05T17:55:51","modified_gmt":"2021-12-05T17:55:51","slug":"8o-palma-de-mallorca-2016","status":"publish","type":"post","link":"https:\/\/aeal.eu\/eu\/8o-palma-de-mallorca-2016\/","title":{"rendered":"Hizkuntzaren Jabekuntzari buruzko VIII. kongresua"},"content":{"rendered":"\n\n[et_pb_section fb_built=&#8221;1&#8243; _builder_version=&#8221;4.7.7&#8243; _module_preset=&#8221;default&#8221;][et_pb_row column_structure=&#8221;1_2,1_2&#8243; _builder_version=&#8221;4.9.10&#8243; _module_preset=&#8221;default&#8221; hover_enabled=&#8221;0&#8243; sticky_enabled=&#8221;0&#8243;][et_pb_column type=&#8221;1_2&#8243; _builder_version=&#8221;4.7.7&#8243; _module_preset=&#8221;default&#8221;][et_pb_blurb title=&#8221;Kongresuko lanen laburpenak liburu honetan argitaratu ziren:&#8221; url=&#8221;https:\/\/aeal.eu\/wp-content\/uploads\/2021\/02\/Libro-de-trabajos-seleccionados.pdf&#8221; url_new_window=&#8221;on&#8221; image=&#8221;https:\/\/aeal.eu\/wp-content\/uploads\/2021\/07\/Atypical.jpg&#8221; icon_alignment=&#8221;left&#8221; image_max_width_tablet=&#8221;&#8221; image_max_width_phone=&#8221;50px&#8221; image_max_width_last_edited=&#8221;on|phone&#8221; _builder_version=&#8221;4.9.10&#8243; header_font=&#8221;|600|||||||&#8221; header_text_color=&#8221;#3e4368&#8243; header_font_size=&#8221;18px&#8221; header_line_height=&#8221;1.6em&#8221; body_font=&#8221;||||||||&#8221; body_font_size=&#8221;15px&#8221; body_line_height=&#8221;2em&#8221; custom_padding=&#8221;|||24px&#8221; custom_padding_tablet=&#8221;&#8221; custom_padding_phone=&#8221;|||4px&#8221; custom_padding_last_edited=&#8221;on|phone&#8221; animation_style=&#8221;fold&#8221; animation_direction=&#8221;left&#8221; animation_intensity_fold=&#8221;10%&#8221; animation=&#8221;off&#8221; link_option_url=&#8221;https:\/\/www.jbe-platform.com\/deliver\/fulltext\/9789027262493.pdf?itemId=%2Fcontent%2Fbooks%2F9789027262493-electronic&amp;mimeType=pdf&#8221; link_option_url_new_window=&#8221;on&#8221; hover_enabled=&#8221;0&#8243; header_font_size_tablet=&#8221;&#8221; header_font_size_phone=&#8221;15px&#8221; header_font_size_last_edited=&#8221;on|phone&#8221; body_line_height_tablet=&#8221;&#8221; body_line_height_phone=&#8221;1.6em&#8221; body_line_height_last_edited=&#8221;on|phone&#8221; border_color_all=&#8221;rgba(0,0,0,0.18)&#8221; border_style_all=&#8221;dotted&#8221; border_width_right=&#8221;2px&#8221; border_color_right=&#8221;#3e4368&#8243; border_style_right=&#8221;solid&#8221; border_color_left=&#8221;#3e4368&#8243; border_style_left=&#8221;solid&#8221; sticky_enabled=&#8221;0&#8243; title_text=&#8221;Atypical&#8221; content_max_width=&#8221;1100px&#8221;]<p>PDFa descargatu &#8211; 5 MB<\/p>[\/et_pb_blurb][\/et_pb_column][et_pb_column type=&#8221;1_2&#8243; _builder_version=&#8221;4.7.7&#8243; _module_preset=&#8221;default&#8221;][et_pb_text _builder_version=&#8221;4.9.4&#8243; _module_preset=&#8221;default&#8221;]<p><span style=\"font-weight: 400\">Palman egin zen, 2016ko irailaren 7, 8 eta 9an. <\/span><\/p>\n<p><a href=\"https:\/\/aeal.eu\/wp-content\/uploads\/2021\/06\/Programa-final.pdf\" target=\"_blank\" rel=\"noopener\"><span style=\"font-weight: 400\">Kongresuko egitaraua ikusi (PDF) <\/span><\/a><\/p>\n<p><span style=\"font-weight: 400\"><\/span><\/p>\n<p><span style=\"font-weight: 400\">Batzorde antolatzailea honako hau izan zen: <\/span><\/p>\n<ul>\n<li style=\"font-weight: 400\"><span style=\"font-weight: 400\">Presidentea: Eva Aguilar Mediavilla (Universitat de les Illes Balears)<\/span><\/li>\n<li style=\"font-weight: 400\"><span style=\"font-weight: 400\">Presidenteordea: Daniel Adrover Roig (Universitat de les Illes Balears)<\/span><\/li>\n<li style=\"font-weight: 400\"><span style=\"font-weight: 400\">Idazkaria: Lucia Buil Legaz (Universitat de les Illes Balears)<\/span><\/li>\n<li style=\"font-weight: 400\"><span style=\"font-weight: 400\">Kideak:<\/span><\/li>\n<ul>\n<li style=\"font-weight: 400\"><span style=\"font-weight: 400\">Ramon Bassa Mart\u00edn (Universitat de les Illes Balears)<\/span><\/li>\n<li style=\"font-weight: 400\"><span style=\"font-weight: 400\">Pedro Guijarro Fuentes (Universitat de les Illes Balears)<\/span><\/li>\n<li style=\"font-weight: 400\"><span style=\"font-weight: 400\">Antoni Gomila Benajam (Universitat de les Illes Balears)<\/span><\/li>\n<li style=\"font-weight: 400\"><span style=\"font-weight: 400\">Maria Juan Garau (Universitat de les Illes Balears)<\/span><\/li>\n<li style=\"font-weight: 400\"><span style=\"font-weight: 400\">Ra\u00fcl L\u00f3pez Panedes (Universitat de les Illes Balears)<\/span><\/li>\n<li style=\"font-weight: 400\"><span style=\"font-weight: 400\">Josep A P\u00e9rez Castell\u00f3 (Universitat de les Illes Balears)<\/span><\/li>\n<li style=\"font-weight: 400\"><span style=\"font-weight: 400\">V\u00edctor Alejandro S\u00e1nchez Azanza (Universitat de les Illes Balears)<\/span><span style=\"font-weight: 400\"><\/span><\/li>\n<\/ul>\n<\/ul>[\/et_pb_text][\/et_pb_column][\/et_pb_row][et_pb_row _builder_version=&#8221;4.9.4&#8243; _module_preset=&#8221;default&#8221;][et_pb_column type=&#8221;4_4&#8243; _builder_version=&#8221;4.9.4&#8243; _module_preset=&#8221;default&#8221;][et_pb_text _builder_version=&#8221;4.9.4&#8243; _module_preset=&#8221;default&#8221;]<p>Hizlari gonbidatuak hauek izan ziren:<\/p>\n<ul>\n<li style=\"font-weight: 400\"><span style=\"font-weight: 400\">Dorothy Bishop, Oxford University. \u201cIs SLI a language learning impairment?\u201d<\/span><\/li>\n<li style=\"font-weight: 400\"><span style=\"font-weight: 400\">Elena Lieven, Max Planck &amp; University of Liverpool. \u201cCurrent research and emerging challenges in usage-based approaches to children\u2019s language development\u201d<\/span><\/li>\n<li style=\"font-weight: 400\"><span style=\"font-weight: 400\">Li Wei, University College of London. \u201cMultiple Routes to Multilingualism: Conceptual and methodological considerations\u201d<\/span><\/li>\n<\/ul>\n<p><span style=\"font-weight: 400\">Batzorde zientifikoa honako hauek osatu zuten: <\/span><\/p>\n<ul>\n<li style=\"font-weight: 400\"><span style=\"font-weight: 400\">Sandrine Aeby Dagh\u00e9, Universit\u00e9 de Gen\u00e8ve<\/span><\/li>\n<li style=\"font-weight: 400\"><span style=\"font-weight: 400\">Ana In\u00e9s Ansaldo, Institut universitaire de g\u00e9riatrie de Montr\u00e9al; \u00c9cole d&#8217;orthophonie et audiologie of l\u2019Universit\u00e9 de Montr\u00e9al<\/span><\/li>\n<li style=\"font-weight: 400\"><span style=\"font-weight: 400\">Mehmet-Ali Akinci, Universit\u00e9 de Rouen<\/span><\/li>\n<li style=\"font-weight: 400\"><span style=\"font-weight: 400\">Lloren\u00e7 Andreu Barrachina, Universitat Oberta de Catalunya<\/span><\/li>\n<li style=\"font-weight: 400\"><span style=\"font-weight: 400\">Melina Aparici Aznar, Universitat Autonoma de Barcelona<\/span><\/li>\n<li style=\"font-weight: 400\"><span style=\"font-weight: 400\">Alejandra Auza Benavides, Hospital General Dr. Manuel Gea Gonz\u00e1lez; Universidad Aut\u00f3noma de Quer\u00e9taro<\/span><\/li>\n<li style=\"font-weight: 400\"><span style=\"font-weight: 400\">Rebeca Barriga Villanueva, El Colegio de M\u00e9xico<\/span><\/li>\n<li style=\"font-weight: 400\"><span style=\"font-weight: 400\">Aurora Bel Gaya, Universitat Pompeu Fabra<\/span><\/li>\n<li style=\"font-weight: 400\"><span style=\"font-weight: 400\">Laura Bosch Galcer\u00e1n, Universitat de Barcelona<\/span><\/li>\n<li style=\"font-weight: 400\"><span style=\"font-weight: 400\">Jasone Cenoz Iragui, Euskal Herriko Unibetsitatea-Universidad del Pa\u00eds Vasco<\/span><\/li>\n<li style=\"font-weight: 400\"><span style=\"font-weight: 400\">Montse Cort\u00e8s Colom\u00e9, Universitat de Barcelona<\/span><\/li>\n<li style=\"font-weight: 400\"><span style=\"font-weight: 400\">Eliseo D\u00edez Itza, Universidad de Oviedo<\/span><\/li>\n<li style=\"font-weight: 400\"><span style=\"font-weight: 400\">M\u00aa Jos\u00e9 Ezeizabarrena Segurola, Universidad del Pa\u00eds Vasco<\/span><\/li>\n<li style=\"font-weight: 400\"><span style=\"font-weight: 400\">Carlos Gallego L\u00f3pez, Universidad Complutense de Madrid<\/span><\/li>\n<li style=\"font-weight: 400\"><span style=\"font-weight: 400\">Miguel Angel Galeote Moreno, Universidad de M\u00e1laga<\/span><\/li>\n<li style=\"font-weight: 400\"><span style=\"font-weight: 400\">Itziar Idiazabal Gorrotxategi, Universidad del Pa\u00eds Vasco<\/span><\/li>\n<li style=\"font-weight: 400\"><span style=\"font-weight: 400\">Donna Jackson-Maldonado, Universidad Aut\u00f3noma de Queretaro<\/span><\/li>\n<li style=\"font-weight: 400\"><span style=\"font-weight: 400\">Juana M. Liceras, University of Ottawa<\/span><\/li>\n<li style=\"font-weight: 400\"><span style=\"font-weight: 400\">Conxita Lle\u00f3 Pujol, Universit\u00e4t Hamburg<\/span><\/li>\n<li style=\"font-weight: 400\"><span style=\"font-weight: 400\">Susana L\u00f3pez-Ornat, Universidad Complutense de Madrid<\/span><\/li>\n<li style=\"font-weight: 400\"><span style=\"font-weight: 400\">Ver\u00f2nica Mart\u00ednez L\u00f3pez, Universidad de Oviedo<\/span><\/li>\n<li style=\"font-weight: 400\"><span style=\"font-weight: 400\">Silvina Montrul, University of Illinois at Urbana-Champaign<\/span><\/li>\n<li style=\"font-weight: 400\"><span style=\"font-weight: 400\">Gary Morgan City, University London<\/span><\/li>\n<li style=\"font-weight: 400\"><span style=\"font-weight: 400\">Virginia M\u00fcller Gathercole, ESRC. Bangor<\/span><\/li>\n<li style=\"font-weight: 400\"><span style=\"font-weight: 400\">Miguel P\u00e9rez Pereira, Universidade de Santiago de Compostela<\/span><\/li>\n<li style=\"font-weight: 400\"><span style=\"font-weight: 400\">Pilar Prieto, Universitat Pompeu Fabra<\/span><\/li>\n<li style=\"font-weight: 400\"><span style=\"font-weight: 400\">Lucrecia Rallo Fabra, Universitat de les Illes Balears<\/span><\/li>\n<li style=\"font-weight: 400\"><span style=\"font-weight: 400\">Magda Rivero Garc\u00eda, Universitat de Barcelona<\/span><\/li>\n<li style=\"font-weight: 400\"><span style=\"font-weight: 400\">Cecilia Rojas Nieto, Universidad Nacional Aut\u00f3noma de M\u00e9xico<\/span><\/li>\n<li style=\"font-weight: 400\"><span style=\"font-weight: 400\">M\u00f3nica Sanz Torrent, Universitat de Barcelona<\/span><\/li>\n<li style=\"font-weight: 400\"><span style=\"font-weight: 400\">Miquel Serra Ravent\u00f3s, Universitat de Barcelona<\/span><\/li>\n<li style=\"font-weight: 400\"><span style=\"font-weight: 400\">Elisabet Serrat Sellabona, Universitat de Girona<\/span><\/li>\n<\/ul>\n<p>&nbsp;<\/p>\n<p><span style=\"font-weight: 400\">Kongresuko lanen laburpenak liburu honetan argitaratu ziren: <\/span><\/p>\n<p><a href=\"https:\/\/aeal.eu\/wp-content\/uploads\/2021\/06\/Proceedings-of-VIII-International-Conference-of-Language-Acquisition.pdf\" target=\"_blank\" rel=\"noopener\"><span style=\"font-weight: 400\">Aguilar-Mediavilla, E., Adrover-Roig, D., Buil Legaz, L. &amp; L\u00f3pez Penad\u00e9s, R. (2016). <\/span><i><span style=\"font-weight: 400\">Proceedings of the VIIIth Internacional Conference of Language Acquisition.<\/span><\/i><span style=\"font-weight: 400\"> Palma: FUEIB. A. <img decoding=\"async\" loading=\"lazy\" src=\"http:\/\/vicworldwide.com\/img\/download.png\" alt=\"Vic Worldwide | Download\" width=\"25\" height=\"25\"><\/span><\/a><\/p>\n<p><span style=\"font-weight: 400\">Binakako berrikusketaren ondoren, lan batzuk osorik argitaratu ziren honako argitalpenean: <\/span><\/p>\n<p><span style=\"font-weight: 400\">Aguilar-Mediavilla, E., Buil-Legaz, L., L\u00f3pez-Penad\u00e9s, R., Sanchez-Azanza, V. A., &amp; Adrover-Roig, D. (2019). <\/span><i><span style=\"font-weight: 400\">Atypical Language Development in Romance Languages<\/span><\/i><span style=\"font-weight: 400\">. Amsterdam: John Benjamins Publishing Company. <\/span><a href=\"https:\/\/doi.org\/10.1075\/z.223\"><span style=\"font-weight: 400\">https:\/\/doi.org\/10.1075\/z.223<\/span><\/a><span style=\"font-weight: 400\"> <img decoding=\"async\" loading=\"lazy\" src=\"http:\/\/vicworldwide.com\/img\/download.png\" alt=\"Vic Worldwide | Download\" width=\"25\" height=\"25\"><\/span><\/p>[\/et_pb_text][\/et_pb_column][\/et_pb_row][\/et_pb_section][et_pb_section fb_built=&#8221;1&#8243; _builder_version=&#8221;4.9.4&#8243; _module_preset=&#8221;default&#8221;][et_pb_row _builder_version=&#8221;4.9.4&#8243; _module_preset=&#8221;default&#8221;][et_pb_column type=&#8221;4_4&#8243; _builder_version=&#8221;4.9.4&#8243; _module_preset=&#8221;default&#8221;][et_pb_text _builder_version=&#8221;4.9.4&#8243; _module_preset=&#8221;default&#8221;]<h2>Kongresuko argazkiak<\/h2>[\/et_pb_text][et_pb_gallery gallery_ids=&#8221;237580,236971,236970,236969,236968,236967,236966,236965,236964,236963,236962,236961,236960,236959,236958,236957&#8243; posts_number=&#8221;20&#8243; show_title_and_caption=&#8221;off&#8221; show_pagination=&#8221;off&#8221; _builder_version=&#8221;4.9.4&#8243; _module_preset=&#8221;default&#8221;][\/et_pb_gallery][\/et_pb_column][\/et_pb_row][\/et_pb_section]\n\n","protected":false},"excerpt":{"rendered":"<p>Palman egin zen, 2016ko irailaren 7, 8 eta 9an.<\/p>\n","protected":false},"author":1,"featured_media":237580,"comment_status":"closed","ping_status":"closed","sticky":false,"template":"","format":"standard","meta":{"_et_pb_use_builder":"on","_et_pb_old_content":"","_et_gb_content_width":"1080","footnotes":""},"categories":[38],"tags":[],"_links":{"self":[{"href":"https:\/\/aeal.eu\/eu\/wp-json\/wp\/v2\/posts\/237579"}],"collection":[{"href":"https:\/\/aeal.eu\/eu\/wp-json\/wp\/v2\/posts"}],"about":[{"href":"https:\/\/aeal.eu\/eu\/wp-json\/wp\/v2\/types\/post"}],"author":[{"embeddable":true,"href":"https:\/\/aeal.eu\/eu\/wp-json\/wp\/v2\/users\/1"}],"replies":[{"embeddable":true,"href":"https:\/\/aeal.eu\/eu\/wp-json\/wp\/v2\/comments?post=237579"}],"version-history":[{"count":10,"href":"https:\/\/aeal.eu\/eu\/wp-json\/wp\/v2\/posts\/237579\/revisions"}],"predecessor-version":[{"id":238768,"href":"https:\/\/aeal.eu\/eu\/wp-json\/wp\/v2\/posts\/237579\/revisions\/238768"}],"wp:featuredmedia":[{"embeddable":true,"href":"https:\/\/aeal.eu\/eu\/wp-json\/wp\/v2\/media\/237580"}],"wp:attachment":[{"href":"https:\/\/aeal.eu\/eu\/wp-json\/wp\/v2\/media?parent=237579"}],"wp:term":[{"taxonomy":"category","embeddable":true,"href":"https:\/\/aeal.eu\/eu\/wp-json\/wp\/v2\/categories?post=237579"},{"taxonomy":"post_tag","embeddable":true,"href":"https:\/\/aeal.eu\/eu\/wp-json\/wp\/v2\/tags?post=237579"}],"curies":[{"name":"wp","href":"https:\/\/api.w.org\/{rel}","templated":true}]}}