{"id":239749,"date":"2022-09-16T11:56:39","date_gmt":"2022-09-16T11:56:39","guid":{"rendered":"https:\/\/aeal.eu\/nova-junta-directiva-daeal\/"},"modified":"2023-05-17T09:42:42","modified_gmt":"2023-05-17T09:42:42","slug":"nova-junta-directiva-daeal","status":"publish","type":"post","link":"https:\/\/aeal.eu\/ca\/nova-junta-directiva-daeal\/","title":{"rendered":"Nova Junta Directiva d&#8217;AEAL"},"content":{"rendered":"\n[et_pb_section fb_built=&#8221;1&#8243; _builder_version=&#8221;4.16&#8243; _module_preset=&#8221;default&#8221; custom_padding=&#8221;0px|||||&#8221; global_colors_info=&#8221;{}&#8221; theme_builder_area=&#8221;post_content&#8221;][et_pb_row _builder_version=&#8221;4.16&#8243; _module_preset=&#8221;default&#8221; global_colors_info=&#8221;{}&#8221; theme_builder_area=&#8221;post_content&#8221;][et_pb_column type=&#8221;4_4&#8243; _builder_version=&#8221;4.16&#8243; _module_preset=&#8221;default&#8221; global_colors_info=&#8221;{}&#8221; theme_builder_area=&#8221;post_content&#8221;][et_pb_text _builder_version=&#8221;4.16&#8243; _module_preset=&#8221;default&#8221; custom_padding=&#8221;||0px|||&#8221; global_colors_info=&#8221;{}&#8221; theme_builder_area=&#8221;post_content&#8221;]<p style=\"text-align: justify;\">La nova Junta Directiva d&#8217;AEAL va ser escollida a l&#8217;Assemblea ordin\u00e0ria celebrada a Girona el 8 de setembre de 2022 passat. Est\u00e0 integrada per:<\/p>\n<p><strong><span>Presidenta: Eva Aguilar Mediavilla<\/span><\/strong><\/p>\n<p><strong><span>Vicepresidenta: Alejandra Auza Benavides<\/span><\/strong><\/p>\n<p><strong><span>Secret\u00e0ria: Melina Aparici Aznar<\/span><\/strong><\/p>\n<p><strong><span>Tresorera: Ver\u00f3nica Mart\u00ednez L\u00f3pez<\/span><\/strong><\/p>\n<div class=\"et_pb_module et_pb_text et_pb_text_3 et_pb_text_align_left et_pb_bg_layout_light\">\n<div class=\"et_pb_text_inner\">\n<p><strong>Vocals:<\/strong><\/p>\n<\/div>\n<\/div>\n<div class=\"et_pb_module et_pb_text et_pb_text_4 et_pb_text_align_left et_pb_bg_layout_light\">\n<div class=\"et_pb_text_inner\">\n<p>Lloren\u00e7 Andreu Barrachina<br>Anny Castilla Earls<br>Ibon Manterola Garate<br>Manuel Peralbo Uzquiano<br>Mariela Resches<br>David Salda\u00f1a Sage<\/p>\n<\/div>\n<\/div>\n<p style=\"text-align: justify;\"><\/p>\n<p>&nbsp;<\/p>[\/et_pb_text][\/et_pb_column][\/et_pb_row][et_pb_row _builder_version=&#8221;4.16&#8243; _module_preset=&#8221;default&#8221; global_colors_info=&#8221;{}&#8221; theme_builder_area=&#8221;post_content&#8221;][et_pb_column type=&#8221;4_4&#8243; _builder_version=&#8221;4.16&#8243; _module_preset=&#8221;default&#8221; global_colors_info=&#8221;{}&#8221; theme_builder_area=&#8221;post_content&#8221;][et_pb_post_nav prev_text=&#8221;Anterior&#8221; next_text=&#8221;Seg\u00fcent&#8221; _builder_version=&#8221;4.16&#8243; _module_preset=&#8221;default&#8221; global_colors_info=&#8221;{}&#8221; theme_builder_area=&#8221;post_content&#8221;][\/et_pb_post_nav][\/et_pb_column][\/et_pb_row][\/et_pb_section]\n","protected":false},"excerpt":{"rendered":"<p>La nova Junta Directiva d&#8217;AEAL va ser escollida a l&#8217;Assemblea ordin\u00e0ria celebrada a Girona el 8 de setembre de 2022 passat. Est\u00e0 integrada per: Presidenta: Eva Aguilar Mediavilla Vicepresidenta: Alejandra Auza Benavides Secret\u00e0ria: Melina Aparici Aznar Tresorera: Ver\u00f3nica Mart\u00ednez L\u00f3pez Vocals: Lloren\u00e7 Andreu BarrachinaAnny Castilla EarlsIbon Manterola GarateManuel Peralbo UzquianoMariela ReschesDavid Salda\u00f1a Sage &nbsp;<\/p>\n","protected":false},"author":1,"featured_media":239664,"comment_status":"open","ping_status":"open","sticky":false,"template":"","format":"standard","meta":{"_et_pb_use_builder":"on","_et_pb_old_content":"","_et_gb_content_width":"","footnotes":""},"categories":[50],"tags":[],"_links":{"self":[{"href":"https:\/\/aeal.eu\/ca\/wp-json\/wp\/v2\/posts\/239749"}],"collection":[{"href":"https:\/\/aeal.eu\/ca\/wp-json\/wp\/v2\/posts"}],"about":[{"href":"https:\/\/aeal.eu\/ca\/wp-json\/wp\/v2\/types\/post"}],"author":[{"embeddable":true,"href":"https:\/\/aeal.eu\/ca\/wp-json\/wp\/v2\/users\/1"}],"replies":[{"embeddable":true,"href":"https:\/\/aeal.eu\/ca\/wp-json\/wp\/v2\/comments?post=239749"}],"version-history":[{"count":10,"href":"https:\/\/aeal.eu\/ca\/wp-json\/wp\/v2\/posts\/239749\/revisions"}],"predecessor-version":[{"id":239857,"href":"https:\/\/aeal.eu\/ca\/wp-json\/wp\/v2\/posts\/239749\/revisions\/239857"}],"wp:featuredmedia":[{"embeddable":true,"href":"https:\/\/aeal.eu\/ca\/wp-json\/wp\/v2\/media\/239664"}],"wp:attachment":[{"href":"https:\/\/aeal.eu\/ca\/wp-json\/wp\/v2\/media?parent=239749"}],"wp:term":[{"taxonomy":"category","embeddable":true,"href":"https:\/\/aeal.eu\/ca\/wp-json\/wp\/v2\/categories?post=239749"},{"taxonomy":"post_tag","embeddable":true,"href":"https:\/\/aeal.eu\/ca\/wp-json\/wp\/v2\/tags?post=239749"}],"curies":[{"name":"wp","href":"https:\/\/api.w.org\/{rel}","templated":true}]}}