{"id":238585,"date":"2021-11-30T20:42:14","date_gmt":"2021-11-30T20:42:14","guid":{"rendered":"https:\/\/aeal.eu\/?p=238585"},"modified":"2022-03-11T09:23:02","modified_gmt":"2022-03-11T09:23:02","slug":"238577","status":"publish","type":"post","link":"https:\/\/aeal.eu\/ca\/238577\/","title":{"rendered":"Donna Jackson-Maldonado"},"content":{"rendered":"<p>[et_pb_section fb_built=&#8221;1&#8243; _builder_version=&#8221;4.9.0&#8243; _module_preset=&#8221;default&#8221; custom_padding=&#8221;0px|||||&#8221; global_colors_info=&#8221;{}&#8221; theme_builder_area=&#8221;post_content&#8221;][et_pb_row _builder_version=&#8221;4.11.4&#8243; _module_preset=&#8221;default&#8221; custom_margin=&#8221;|auto|22px|auto||&#8221; custom_padding=&#8221;0px|||||&#8221; global_colors_info=&#8221;{}&#8221; theme_builder_area=&#8221;post_content&#8221;][et_pb_column type=&#8221;4_4&#8243; _builder_version=&#8221;4.11.4&#8243; _module_preset=&#8221;default&#8221; global_colors_info=&#8221;{}&#8221; theme_builder_area=&#8221;post_content&#8221;][et_pb_text _builder_version=&#8221;4.11.4&#8243; _module_preset=&#8221;default&#8221; custom_margin=&#8221;|-35px||||&#8221; custom_padding=&#8221;|0px||||&#8221; global_colors_info=&#8221;{}&#8221; theme_builder_area=&#8221;post_content&#8221;][\/et_pb_text][et_pb_image src=&#8221;https:\/\/aeal.eu\/wp-content\/uploads\/2021\/11\/1571695538.jpg&#8221; title_text=&#8221;1571695538&#8243; _builder_version=&#8221;4.11.4&#8243; _module_preset=&#8221;default&#8221; global_colors_info=&#8221;{}&#8221; theme_builder_area=&#8221;post_content&#8221;][\/et_pb_image][et_pb_gallery gallery_ids=&#8221;238580,238603&#8243; show_title_and_caption=&#8221;off&#8221; _builder_version=&#8221;4.11.4&#8243; _module_preset=&#8221;default&#8221; global_colors_info=&#8221;{}&#8221; theme_builder_area=&#8221;post_content&#8221;][\/et_pb_gallery][et_pb_video src=&#8221;https:\/\/www.youtube.com\/watch?v=w9pJxtV65B4&#038;t=6178s&#8221; _builder_version=&#8221;4.14.4&#8243; _module_preset=&#8221;default&#8221; theme_builder_area=&#8221;post_content&#8221; hover_enabled=&#8221;0&#8243; sticky_enabled=&#8221;0&#8243;][\/et_pb_video][\/et_pb_column][\/et_pb_row][et_pb_row _builder_version=&#8221;4.14.1&#8243; _module_preset=&#8221;default&#8221; global_colors_info=&#8221;{}&#8221; theme_builder_area=&#8221;post_content&#8221;][et_pb_column type=&#8221;4_4&#8243; _builder_version=&#8221;4.14.1&#8243; _module_preset=&#8221;default&#8221; global_colors_info=&#8221;{}&#8221; theme_builder_area=&#8221;post_content&#8221;][et_pb_text _builder_version=&#8221;4.14.1&#8243; _module_preset=&#8221;default&#8221; global_colors_info=&#8221;{}&#8221; theme_builder_area=&#8221;post_content&#8221;]<\/p>\n<p>Rebem amb gran tristesa i commoci\u00f3 la not\u00edcia de la mort el 30 de novembre de 2021 de la nostra estimada amiga i companya de la Junta directiva d&#8217;AEAL Donna Jackson-Maldonado, investigadora i catedr\u00e0tica del Centre d&#8217;Estudis Ling\u00fc\u00edstics i Literaris de la Universitat Aut\u00f2noma de Quer\u00e9taro a M\u00e8xic.<br \/>Donna representava els millors valors multidisciplinaris, multiculturals i multiling\u00fces que inspiren la nostra Associaci\u00f3, amb la qual va mantenir sempre un comprom\u00eds gener\u00f3s i infrangible pel qual li devem gratitud permanent. Recordarem sempre la proximitat, el saber fer, el rigor intel\u00b7lectual, la determinaci\u00f3, l&#8217;amistat i la mirada perspica\u00e7 tan profundament comunicativa.<br \/>La figura de Donna \u00e9s imprescindible al panorama dels estudis d&#8217;Adquisici\u00f3 del Llenguatge de les quatre \u00faltimes d\u00e8cades. Des dels seus inicis al Departament de Comunicaci\u00f3 Humana de la Universitat de les Am\u00e8riques i a la Direcci\u00f3 General d&#8217;Educaci\u00f3 Especial de la Secretaria d&#8217;Educaci\u00f3, va ser pionera en la difusi\u00f3 del coneixement sobre el desenvolupament del llenguatge i les seves alteracions (1982), l&#8217;adquisici\u00f3 de la llengua de signes i la comunicaci\u00f3 total (1981, 1983, 1985) i l&#8217;avaluaci\u00f3 del llenguatge des d&#8217;una perspectiva transcultural (1988). La seva tesi doctoral es va centrar en l&#8217;estudi del desenvolupament pragm\u00e0tic primerenc, a l&#8217;estela renovadora de la que considerava la seva gran mestra Liz Bates, amb qui va col\u00b7laborar al Centre de Recerca del Llenguatge de la Universitat de Calif\u00f2rnia a San Diego en un Inventari del Desenvolupament d&#8217;Habilitats Comunicatives (1989), preludi del seu paper destacat en el desenvolupament del MacArthur Bates CDI.<br \/>Trobades, tallers, cursos, f\u00f2rums, simposis i congressos innombrables a banda i banda de l&#8217;atl\u00e0ntic van comptar amb la seva destacada contribuci\u00f3, tant a l&#8217;\u00e0mbit de la cl\u00ednica del llenguatge (ASHA, AELFA) com, sobretot, als f\u00f2rums m\u00e9s amplis de la IASCL i de l&#8217;AEAL, on la majoria de nosaltres vam tenir el privilegi de con\u00e8ixer-la i admirar-ne la qualitat cient\u00edfica i humana. Des de la seva participaci\u00f3 al VI Congr\u00e9s de la IASCL a Trieste (1993), durant el qual va acudir a un taller del Projecte CHILDES, es va comprometre amb aquesta iniciativa que la va portar a contribuir amb un valu\u00f3s corpus juntament amb Donna Thal. Per la seva significaci\u00f3 en el nostre \u00e0mbit, recordem especialment la seva pres\u00e8ncia al VIII Congr\u00e9s de la IASCL a Sant Sebasti\u00e0 (1999) i als Congressos de l&#8217;AEAL d&#8217;Oviedo (2007), Barcelona (2010), Bilbao (2013), Palma (2016) ) i Madrid (2019), on tots vam poder compartir amb ella moments molt grats.<br \/>La voluntat i els esfor\u00e7os per millorar la comunicaci\u00f3 i les vides dels nens, biling\u00fces i monoling\u00fces, amb problemes de llengua oral o escrita, de pocs recursos econ\u00f2mics, nascuts prematurament, nens sords, amb retard del Llenguatge o amb s\u00edndrome de Down, aix\u00ed com el desig d&#8217;ajudar les seves fam\u00edlies, guiaven la seva incansable feina. Transmetia sempre la seva vocaci\u00f3 docent i la seva devoci\u00f3 pels seus estudiants, els dipositaris m\u00e9s grans del seu llegat acad\u00e8mic.<br \/>Tots sentim molt profundament que Donna ens hagi deixat en la seva plenitud vital i en nom de l&#8217;AEAL i de la seva Junta Directiva vull expressar les nostres sentides condols al seu marit Ricardo Maldonado, als seus fills Valeria i Adri\u00e1n, i als que la van con\u00e8ixer i gaudir de la seva amistat i del seu magisteri.<\/p>\n<p>Descansa en Paz, Atseden Bakean, Descansa en Pau. Rest in Peace, Descansa en Paz.<\/p>\n<p>Eliseo Diez Itza, Presidente de AEAL<\/p>\n<p>[\/et_pb_text][\/et_pb_column][\/et_pb_row][et_pb_row _builder_version=&#8221;4.9.4&#8243; _module_preset=&#8221;default&#8221; global_colors_info=&#8221;{}&#8221; theme_builder_area=&#8221;post_content&#8221;][et_pb_column type=&#8221;4_4&#8243; _builder_version=&#8221;4.9.4&#8243; _module_preset=&#8221;default&#8221; global_colors_info=&#8221;{}&#8221; theme_builder_area=&#8221;post_content&#8221;][et_pb_post_nav prev_text=&#8221;Anterior&#8221; next_text=&#8221;Seg\u00fcent&#8221; _builder_version=&#8221;4.9.4&#8243; _module_preset=&#8221;default&#8221; global_colors_info=&#8221;{}&#8221; theme_builder_area=&#8221;post_content&#8221;][\/et_pb_post_nav][\/et_pb_column][\/et_pb_row][\/et_pb_section]<\/p>\n","protected":false},"excerpt":{"rendered":"<p>Rebem amb gran tristesa i commoci\u00f3 la not\u00edcia de la mort el 30 de novembre de 2021 de la nostra estimada amiga i companya de la Junta directiva d&#8217;AEAL Donna Jackson-Maldonado, investigadora i catedr\u00e0tica del Centre d&#8217;Estudis Ling\u00fc\u00edstics i Literaris de la Universitat Aut\u00f2noma de Quer\u00e9taro a M\u00e8xic.Donna representava els millors valors multidisciplinaris, multiculturals i [&hellip;]<\/p>\n","protected":false},"author":3,"featured_media":238580,"comment_status":"open","ping_status":"open","sticky":false,"template":"","format":"standard","meta":{"_et_pb_use_builder":"on","_et_pb_old_content":"","_et_gb_content_width":"","footnotes":""},"categories":[50],"tags":[],"_links":{"self":[{"href":"https:\/\/aeal.eu\/ca\/wp-json\/wp\/v2\/posts\/238585"}],"collection":[{"href":"https:\/\/aeal.eu\/ca\/wp-json\/wp\/v2\/posts"}],"about":[{"href":"https:\/\/aeal.eu\/ca\/wp-json\/wp\/v2\/types\/post"}],"author":[{"embeddable":true,"href":"https:\/\/aeal.eu\/ca\/wp-json\/wp\/v2\/users\/3"}],"replies":[{"embeddable":true,"href":"https:\/\/aeal.eu\/ca\/wp-json\/wp\/v2\/comments?post=238585"}],"version-history":[{"count":22,"href":"https:\/\/aeal.eu\/ca\/wp-json\/wp\/v2\/posts\/238585\/revisions"}],"predecessor-version":[{"id":239500,"href":"https:\/\/aeal.eu\/ca\/wp-json\/wp\/v2\/posts\/238585\/revisions\/239500"}],"wp:featuredmedia":[{"embeddable":true,"href":"https:\/\/aeal.eu\/ca\/wp-json\/wp\/v2\/media\/238580"}],"wp:attachment":[{"href":"https:\/\/aeal.eu\/ca\/wp-json\/wp\/v2\/media?parent=238585"}],"wp:term":[{"taxonomy":"category","embeddable":true,"href":"https:\/\/aeal.eu\/ca\/wp-json\/wp\/v2\/categories?post=238585"},{"taxonomy":"post_tag","embeddable":true,"href":"https:\/\/aeal.eu\/ca\/wp-json\/wp\/v2\/tags?post=238585"}],"curies":[{"name":"wp","href":"https:\/\/api.w.org\/{rel}","templated":true}]}}