{"id":237653,"date":"2010-09-08T11:18:45","date_gmt":"2010-09-08T11:18:45","guid":{"rendered":"https:\/\/aeal.eu\/vi-congreso-internacional-de-adquisicion-del-lenguaje\/"},"modified":"2021-07-30T15:08:06","modified_gmt":"2021-07-30T15:08:06","slug":"vi-congreso-internacional-de-adquisicion-del-lenguaje","status":"publish","type":"post","link":"https:\/\/aeal.eu\/ca\/vi-congreso-internacional-de-adquisicion-del-lenguaje\/","title":{"rendered":"VI Congr\u00e9s Internacional d&#8217;Adquisici\u00f3 del Llenguatge"},"content":{"rendered":"\n\n\n[et_pb_section fb_built=&#8221;1&#8243; _builder_version=&#8221;4.7.7&#8243; _module_preset=&#8221;default&#8221;][et_pb_row _builder_version=&#8221;4.7.7&#8243; _module_preset=&#8221;default&#8221;][et_pb_column type=&#8221;4_4&#8243; _builder_version=&#8221;4.7.7&#8243; _module_preset=&#8221;default&#8221;][et_pb_text _builder_version=&#8221;4.9.0&#8243; _module_preset=&#8221;default&#8221; hover_enabled=&#8221;0&#8243; sticky_enabled=&#8221;0&#8243;]<p><span style=\"font-weight: 400\">Va tenir lloc a Barcelona els dies 8, 9 i 10 de setembre de 2010. <\/span><\/p>\n<p><span style=\"font-weight: 400\">Durant el congr\u00e9s es va anomenar a la Dra. Ruth Berman i al Dr. Dan Slobin Socis d&#8217;Honor de l&#8217;associaci\u00f3. <\/span><\/p>\n<p><span style=\"font-weight: 400\">La web del congr\u00e9s es pot consultar a: <\/span><a href=\"http:\/\/stel3.ub.edu\/cial2010\/es\/academico\"><span style=\"font-weight: 400\">http:\/\/stel3.ub.edu\/cial2010\/es\/academico<\/span><\/a><span style=\"font-weight: 400\"> <\/span><\/p>\n<p><span style=\"font-weight: 400\">El comit\u00e8 organitzador va ser: <\/span><\/p>\n<ul>\n<li style=\"font-weight: 400\"><span style=\"font-weight: 400\">Co-presidenta: Liliana Tolchinsky (Universitat de Barcelona)<\/span><\/li>\n<li style=\"font-weight: 400\"><span style=\"font-weight: 400\">Co-presidenta: Aurora Bel (Universitat Pompeu Fabra) <\/span><\/li>\n<li style=\"font-weight: 400\"><span style=\"font-weight: 400\">Vocals: <\/span><\/li>\n<ul>\n<li style=\"font-weight: 400\"><span style=\"font-weight: 400\">Melina Aparici (Universitat Aut\u00f2noma de Barcelona)<\/span><\/li>\n<li style=\"font-weight: 400\"><span style=\"font-weight: 400\">Joaquim Arnau (Universitat de Barcelona)<\/span><\/li>\n<li style=\"font-weight: 400\"><span style=\"font-weight: 400\">Joan Perera (Universitat de Barcelona)<\/span><\/li>\n<li style=\"font-weight: 400\"><span style=\"font-weight: 400\">Carme P\u00e9rez-Vidal (Universitat Pompeu Fabra)<\/span><\/li>\n<li style=\"font-weight: 400\"><span style=\"font-weight: 400\">Pilar Prieto (Universitat Pompeu Fabra) <\/span><\/li>\n<li style=\"font-weight: 400\"><span style=\"font-weight: 400\">Elisa Rosado (Universitat de Barcelona)<\/span><\/li>\n<li style=\"font-weight: 400\"><span style=\"font-weight: 400\">M\u00f2nica Sanz-Torrent (Universitat de Barcelona)<\/span><\/li>\n<li style=\"font-weight: 400\"><span style=\"font-weight: 400\">Elisabet Serrat (Universitat de Girona)<\/span><\/li>\n<li style=\"font-weight: 400\"><span style=\"font-weight: 400\">Olga Soler (Universitat Aut\u00f2noma de Barcelona)<\/span><\/li>\n<\/ul>\n<\/ul>\n<p><span style=\"font-weight: 400\">Els ponents convidats van ser: <\/span><\/p>\n<ul>\n<li style=\"font-weight: 400\"><b>Ruth Berman<\/b><span style=\"font-weight: 400\">, Professora em\u00e8rita, Tel Aviv University. \u201cLa <\/span><i><span style=\"font-weight: 400\">Frog Story<\/span><\/i><span style=\"font-weight: 400\"> en vasco, catal\u00e1n, gallego, lengua de signos, espa\u00f1ol y patolog\u00eda: Las aportaciones de la investigaci\u00f3n transling\u00fc\u00edstica al estudio del desarrollo del lenguaje\u201d<\/span><\/li>\n<li style=\"font-weight: 400\"><b>Dan Slobin<\/b><span style=\"font-weight: 400\">, Professor em\u00e8rit, University of Berkeley. \u201cLa Frog Story en vasco, catal\u00e1n, gallego, lengua de signos, espa\u00f1ol y patolog\u00eda: Las aportaciones de la investigaci\u00f3n transling\u00fc\u00edstica al estudio del desarrollo del lenguaje\u201d.<\/span><\/li>\n<li style=\"font-weight: 400\"><b>Naama Friedman<\/b><span style=\"font-weight: 400\">, Tel Aviv University. \u201cOn the syntactic impairment in SLI\u201d<\/span><\/li>\n<li style=\"font-weight: 400\"><b>John Trueswell<\/b><span style=\"font-weight: 400\">, University of Pennsylvania. \u201cTaking control of parsing: The relationship between child sentence processing and cognitive control\u201d<\/span><\/li>\n<\/ul>\n<p><span style=\"font-weight: 400\">El comit\u00e8 cient\u00edfic va estar format per: <\/span><\/p>\n<ul>\n<li style=\"font-weight: 400\"><span style=\"font-weight: 400\">Andoni Barre\u00f1a (Universidad de Salamanca)<\/span><\/li>\n<li style=\"font-weight: 400\"><span style=\"font-weight: 400\">Rosa Ana Clemente (Universitat Jaume I)<\/span><\/li>\n<li style=\"font-weight: 400\"><span style=\"font-weight: 400\">Eliseo Diez Itza (Universidad de Oviedo)<\/span><\/li>\n<li style=\"font-weight: 400\"><span style=\"font-weight: 400\">Raquel Fern\u00e1ndez Fuertes (Universidad de Valladolid)<\/span><\/li>\n<li style=\"font-weight: 400\"><span style=\"font-weight: 400\">Miguel Galeote (Universidad de M\u00e1laga)<\/span><\/li>\n<li style=\"font-weight: 400\"><span style=\"font-weight: 400\">Virginia Gathercole (Bangor University)<\/span><\/li>\n<li style=\"font-weight: 400\"><span style=\"font-weight: 400\">Itziar Idiazabal (Euskal Herriko Unibersitatea)<\/span><\/li>\n<li style=\"font-weight: 400\"><span style=\"font-weight: 400\">Donna Jackson Maldonado (Universidad Aut\u00f3noma de Quer\u00e9taro)<\/span><\/li>\n<li style=\"font-weight: 400\"><span style=\"font-weight: 400\">Harriet Jisa (Universit\u00e9 de Lyon)<\/span><\/li>\n<li style=\"font-weight: 400\"><span style=\"font-weight: 400\">Juana M. Liceras (University of Ottawa)<\/span><\/li>\n<li style=\"font-weight: 400\"><span style=\"font-weight: 400\">Conxita Lle\u00f3 (Universit\u00e4t Hamburg)<\/span><\/li>\n<li style=\"font-weight: 400\"><span style=\"font-weight: 400\">Susana L\u00f3pez Ornat (Universidad Complutense de Madrid)<\/span><\/li>\n<li style=\"font-weight: 400\"><span style=\"font-weight: 400\">Mar\u00eda \u00c1ngeles Mayor (Universidad de Salamanca)<\/span><\/li>\n<li style=\"font-weight: 400\"><span style=\"font-weight: 400\">J\u00fcrgen Meisel (Universit\u00e4t Hamburg)<\/span><\/li>\n<li style=\"font-weight: 400\"><span style=\"font-weight: 400\">Gary Morgan (City University London)<\/span><\/li>\n<li style=\"font-weight: 400\"><span style=\"font-weight: 400\">Terezinha Nunes (Oxford Brookes University)<\/span><\/li>\n<li style=\"font-weight: 400\"><span style=\"font-weight: 400\">Miguel P\u00e9rez Pereira (Universidade de Santiago de Compostela)<\/span><\/li>\n<li style=\"font-weight: 400\"><span style=\"font-weight: 400\">Joana Rossell\u00f3 (Universitat de Barcelona)<\/span><\/li>\n<li style=\"font-weight: 400\"><span style=\"font-weight: 400\">Cristina Sanz (Georgetown University)<\/span><\/li>\n<li style=\"font-weight: 400\"><span style=\"font-weight: 400\">Miquel Serra (Universitat de Barcelona)<\/span><\/li>\n<li style=\"font-weight: 400\"><span style=\"font-weight: 400\">Marta Shiro (Universidad Central de Venezuela)<\/span><\/li>\n<li style=\"font-weight: 400\"><span style=\"font-weight: 400\">Rosa Sol\u00e9 (Universitat Aut\u00f2noma de Barcelona)<\/span><\/li>\n<\/ul>\n<p>&nbsp;<\/p>[\/et_pb_text][\/et_pb_column][\/et_pb_row][\/et_pb_section]\n\n\n","protected":false},"excerpt":{"rendered":"<p>Va tenir lloc a Barcelona els dies 8, 9 i 10 de setembre de 2010. <\/p>\n","protected":false},"author":1,"featured_media":237654,"comment_status":"open","ping_status":"open","sticky":false,"template":"","format":"standard","meta":{"_et_pb_use_builder":"on","_et_pb_old_content":"","_et_gb_content_width":"","footnotes":""},"categories":[37],"tags":[],"_links":{"self":[{"href":"https:\/\/aeal.eu\/ca\/wp-json\/wp\/v2\/posts\/237653"}],"collection":[{"href":"https:\/\/aeal.eu\/ca\/wp-json\/wp\/v2\/posts"}],"about":[{"href":"https:\/\/aeal.eu\/ca\/wp-json\/wp\/v2\/types\/post"}],"author":[{"embeddable":true,"href":"https:\/\/aeal.eu\/ca\/wp-json\/wp\/v2\/users\/1"}],"replies":[{"embeddable":true,"href":"https:\/\/aeal.eu\/ca\/wp-json\/wp\/v2\/comments?post=237653"}],"version-history":[{"count":16,"href":"https:\/\/aeal.eu\/ca\/wp-json\/wp\/v2\/posts\/237653\/revisions"}],"predecessor-version":[{"id":238308,"href":"https:\/\/aeal.eu\/ca\/wp-json\/wp\/v2\/posts\/237653\/revisions\/238308"}],"wp:featuredmedia":[{"embeddable":true,"href":"https:\/\/aeal.eu\/ca\/wp-json\/wp\/v2\/media\/237654"}],"wp:attachment":[{"href":"https:\/\/aeal.eu\/ca\/wp-json\/wp\/v2\/media?parent=237653"}],"wp:term":[{"taxonomy":"category","embeddable":true,"href":"https:\/\/aeal.eu\/ca\/wp-json\/wp\/v2\/categories?post=237653"},{"taxonomy":"post_tag","embeddable":true,"href":"https:\/\/aeal.eu\/ca\/wp-json\/wp\/v2\/tags?post=237653"}],"curies":[{"name":"wp","href":"https:\/\/api.w.org\/{rel}","templated":true}]}}